{"id":1165,"date":"2022-07-04T12:54:18","date_gmt":"2022-07-04T10:54:18","guid":{"rendered":"https:\/\/creativeaccelerator.es\/blog\/?p=1165"},"modified":"2022-07-04T12:54:21","modified_gmt":"2022-07-04T10:54:21","slug":"inicia-tu-negocio-en-el-sector-de-la-moda","status":"publish","type":"post","link":"https:\/\/creativeaccelerator.es\/blog\/inicia-tu-negocio-en-el-sector-de-la-moda\/","title":{"rendered":"Inicia tu negocio en el sector de la Moda."},"content":{"rendered":"\n<p class=\"wp-block-paragraph\"><\/p>\n\n\n\n<p class=\"wp-block-paragraph\">Emprender no es una tarea f\u00e1cil, es por eso que la mayor\u00eda de las adversidades a las que se enfrentan las personas que deciden hacer suya una idea de negocio y lanzarla al mercado es, entre otras, el <strong>desconocimiento y la falta de tiempo<\/strong> para desarrollar lo necesario en todas las \u00e1reas de la empresa.<\/p>\n\n\n\n<p class=\"wp-block-paragraph\"><strong>CONVERTIR UN RETO EN UNA OPORTUNIDAD<\/strong><\/p>\n\n\n\n<p class=\"wp-block-paragraph\"><\/p>\n\n\n\n<p class=\"wp-block-paragraph\">Desde fuera, puede parecer f\u00e1cil, pero cuando decides poner todos tus <strong>recursos y esfuerzos<\/strong> en algo que no sabes si ir\u00e1 bien o mal, siempre es mejor poder contar con un equipo que conozca el sector, en este caso, el de la <em>moda.<\/em>&nbsp;<\/p>\n\n\n\n<p class=\"wp-block-paragraph\">La mayor\u00eda de los emprendedores se encuentran <strong>solos<\/strong>, les apasiona su proyecto y desean con todas sus fuerzas sacarlo adelante, es por eso, que una de las principales habilidades que requiere esta labor de emprendimiento, es la anal\u00edtica, con capacidad de reconocer en qu\u00e9 \u00e1reas se necesita m\u00e1s apoyo, y saber delegar en profesionales que puedan ayudarte siempre que lo necesites.<\/p>\n\n\n\n<p class=\"wp-block-paragraph\">A pesar del incre\u00edble riesgo y esfuerzo que supone, la satisfacci\u00f3n de sacar adelante un proyecto propio es de lo m\u00e1s gratificante.<\/p>\n\n\n\n<p class=\"wp-block-paragraph\">Emprender adem\u00e1s, conlleva <strong>aprender todos los d\u00edas algo nuevo<\/strong>, ya sea sobre el sector, formas de hacer, o incluso a aprender de uno mismo y de los dem\u00e1s. Desarrollas una serie de habilidades y conocimientos que de otra manera no hubieras podido adquirir.<\/p>\n\n\n\n<p class=\"wp-block-paragraph\">Puedes ver tambi\u00e9n :<strong> <a href=\"https:\/\/creativeaccelerator.es\/blog\/5-consejos-para-emprender-en-el-sector-de-la-moda\/\" target=\"_blank\" rel=\"noreferrer noopener\">\u00ab5  Consejos para Emprender en Sector de la Moda\u00bb<\/a><\/strong><\/p>\n\n\n\n<p class=\"wp-block-paragraph\"><\/p>\n\n\n\n<figure class=\"wp-block-image aligncenter size-full\"><img loading=\"lazy\" decoding=\"async\" width=\"800\" height=\"600\" src=\"https:\/\/creativeaccelerator.es\/blog\/wp-content\/uploads\/2022\/07\/inicia-tu-negocio-en-el-sector-de-la-moda-.jpg\" alt=\"\" class=\"wp-image-1170\" srcset=\"https:\/\/creativeaccelerator.es\/blog\/wp-content\/uploads\/2022\/07\/inicia-tu-negocio-en-el-sector-de-la-moda-.jpg 800w, https:\/\/creativeaccelerator.es\/blog\/wp-content\/uploads\/2022\/07\/inicia-tu-negocio-en-el-sector-de-la-moda--300x225.jpg 300w, https:\/\/creativeaccelerator.es\/blog\/wp-content\/uploads\/2022\/07\/inicia-tu-negocio-en-el-sector-de-la-moda--768x576.jpg 768w\" sizes=\"auto, (max-width: 800px) 100vw, 800px\" \/><\/figure>\n\n\n\n<p class=\"wp-block-paragraph\"><strong>CREATIVE ACCELERATOR, UN APOYO PARA HACER CRECER TU NEGOCIO<\/strong><\/p>\n\n\n\n<p class=\"wp-block-paragraph\">Somos Creative Accelerator, ese socio que necesitas. Apoyamos a emprendedores a hacer crecer su negocio aportando equipo de trabajo cualificado en aquellas \u00e1reas de la empresa donde sienta que necesita ayuda.\u00a0<\/p>\n\n\n\n<p class=\"wp-block-paragraph\">Nos ocupamos de todo, desde la parte estrat\u00e9gica, a la operativa. Ofrecemos packs personalizados pensados para cada etapa de crecimiento seg\u00fan las necesidades de cada cliente.<\/p>\n\n\n\n<p class=\"wp-block-paragraph\">S\u00ed est\u00e1s pensando en lanzar tu negocio en el sector de la moda, simplemente\u2026<\/p>\n\n\n\n<p class=\"wp-block-paragraph\">\u00a0\u00a1NO LO DUDES! Cont\u00e1ctanos sin compromiso, nos adaptamos a t\u00ed.<\/p>\n\n\n\n<p class=\"has-text-align-left wp-block-paragraph\"><\/p>\n\n\n\n<p class=\"wp-block-paragraph\"><\/p>\n\n\n\n<p class=\"wp-block-paragraph\"><\/p>\n\n\n\n<p class=\"wp-block-paragraph\"><\/p>\n","protected":false},"excerpt":{"rendered":"<p>Emprender no es una tarea f\u00e1cil, es por eso que la mayor\u00eda de las adversidades a las que se enfrentan las personas que deciden hacer suya una idea de negocio y lanzarla al mercado es, entre otras, el desconocimiento y la falta de tiempo para desarrollar lo necesario en todas las \u00e1reas de la empresa.<\/p>\n","protected":false},"author":3,"featured_media":1169,"comment_status":"open","ping_status":"open","sticky":false,"template":"","format":"standard","meta":{"site-sidebar-layout":"","site-content-layout":"","ast-main-header-display":"","ast-hfb-above-header-display":"","ast-hfb-below-header-display":"","ast-hfb-mobile-header-display":"","site-post-title":"","ast-breadcrumbs-content":"","ast-featured-img":"","footer-sml-layout":"","theme-transparent-header-meta":"","adv-header-id-meta":"","stick-header-meta":"","header-above-stick-meta":"","header-main-stick-meta":"","header-below-stick-meta":"","footnotes":""},"categories":[4,3],"tags":[],"class_list":["post-1165","post","type-post","status-publish","format-standard","has-post-thumbnail","hentry","category-emprendimiento","category-moda"],"_links":{"self":[{"href":"https:\/\/creativeaccelerator.es\/blog\/wp-json\/wp\/v2\/posts\/1165","targetHints":{"allow":["GET"]}}],"collection":[{"href":"https:\/\/creativeaccelerator.es\/blog\/wp-json\/wp\/v2\/posts"}],"about":[{"href":"https:\/\/creativeaccelerator.es\/blog\/wp-json\/wp\/v2\/types\/post"}],"author":[{"embeddable":true,"href":"https:\/\/creativeaccelerator.es\/blog\/wp-json\/wp\/v2\/users\/3"}],"replies":[{"embeddable":true,"href":"https:\/\/creativeaccelerator.es\/blog\/wp-json\/wp\/v2\/comments?post=1165"}],"version-history":[{"count":4,"href":"https:\/\/creativeaccelerator.es\/blog\/wp-json\/wp\/v2\/posts\/1165\/revisions"}],"predecessor-version":[{"id":1171,"href":"https:\/\/creativeaccelerator.es\/blog\/wp-json\/wp\/v2\/posts\/1165\/revisions\/1171"}],"wp:featuredmedia":[{"embeddable":true,"href":"https:\/\/creativeaccelerator.es\/blog\/wp-json\/wp\/v2\/media\/1169"}],"wp:attachment":[{"href":"https:\/\/creativeaccelerator.es\/blog\/wp-json\/wp\/v2\/media?parent=1165"}],"wp:term":[{"taxonomy":"category","embeddable":true,"href":"https:\/\/creativeaccelerator.es\/blog\/wp-json\/wp\/v2\/categories?post=1165"},{"taxonomy":"post_tag","embeddable":true,"href":"https:\/\/creativeaccelerator.es\/blog\/wp-json\/wp\/v2\/tags?post=1165"}],"curies":[{"name":"wp","href":"https:\/\/api.w.org\/{rel}","templated":true}]}}