{"id":1080,"date":"2022-04-13T11:49:57","date_gmt":"2022-04-13T09:49:57","guid":{"rendered":"https:\/\/creativeaccelerator.es\/blog\/?p=1080"},"modified":"2022-04-13T11:50:00","modified_gmt":"2022-04-13T09:50:00","slug":"la-moda-post-pandemia-han-cambiado-nuestros-habitos","status":"publish","type":"post","link":"https:\/\/creativeaccelerator.es\/blog\/la-moda-post-pandemia-han-cambiado-nuestros-habitos\/","title":{"rendered":"La moda post pandemia, \u00bfhan cambiado nuestros h\u00e1bitos?"},"content":{"rendered":"\n<p class=\"wp-block-paragraph\"><strong>La moda es una v\u00eda de expresi\u00f3n de la sociedad, <\/strong>y tal y como la sociedad cambia, la moda no es una excepci\u00f3n, la pandemia y el confinamiento han provocado un cambio en el estilo de vida de la sociedad, vamos a sacar a la luz qu\u00e9 cambios se han visto reflejados en el mundo de la <strong>moda.<\/strong><\/p>\n\n\n\n<h3 class=\"wp-block-heading\">Las compras online<\/h3>\n\n\n\n<p class=\"wp-block-paragraph\"><\/p>\n\n\n\n<p class=\"wp-block-paragraph\">Comprar de manera <strong>online<\/strong> era la \u00fanica opci\u00f3n de compra que ten\u00edamos durante el confinamiento. Una vez abiertas las tiendas f\u00edsicas, entre las restricciones y el miedo social las compras <strong>online<\/strong> continuaron en auge.<\/p>\n\n\n\n<p class=\"wp-block-paragraph\">La comodidad de poder comprar desde cualquier sitio de manera sencilla, inmediata y con una mejor presentaci\u00f3n de productos que las que ofrecen\u00a0 las tiendas f\u00edsicas, son algunos de los atributos que tienen las <strong>compras online<\/strong> que han hecho que nos acostumbremos a ellas.<\/p>\n\n\n\n<div style=\"height:50px\" aria-hidden=\"true\" class=\"wp-block-spacer\"><\/div>\n\n\n\n<div class=\"wp-block-image\"><figure class=\"aligncenter size-large is-resized\"><img loading=\"lazy\" decoding=\"async\" src=\"https:\/\/creativeaccelerator.es\/blog\/wp-content\/uploads\/2022\/04\/La-moda-post-pandemia-han-cambiado-nuestros-habitos-3-1024x768.jpg\" alt=\"La comodidad, sentido de vestir que nos dej\u00f3 el confinamiento. \" class=\"wp-image-1082\" width=\"686\" height=\"515\" srcset=\"https:\/\/creativeaccelerator.es\/blog\/wp-content\/uploads\/2022\/04\/La-moda-post-pandemia-han-cambiado-nuestros-habitos-3-1024x768.jpg 1024w, https:\/\/creativeaccelerator.es\/blog\/wp-content\/uploads\/2022\/04\/La-moda-post-pandemia-han-cambiado-nuestros-habitos-3-300x225.jpg 300w, https:\/\/creativeaccelerator.es\/blog\/wp-content\/uploads\/2022\/04\/La-moda-post-pandemia-han-cambiado-nuestros-habitos-3-768x576.jpg 768w, https:\/\/creativeaccelerator.es\/blog\/wp-content\/uploads\/2022\/04\/La-moda-post-pandemia-han-cambiado-nuestros-habitos-3.jpg 1200w\" sizes=\"auto, (max-width: 686px) 100vw, 686px\" \/><\/figure><\/div>\n\n\n\n<div style=\"height:50px\" aria-hidden=\"true\" class=\"wp-block-spacer\"><\/div>\n\n\n\n<h3 class=\"wp-block-heading\">La <strong>comodidad<\/strong><\/h3>\n\n\n\n<p class=\"wp-block-paragraph\"><\/p>\n\n\n\n<p class=\"wp-block-paragraph\">El gran descubrimiento que tuvimos durante el confinamiento fue que esos pantalones de ch\u00e1ndal que estaban olvidados en el armario ser\u00edan nuestros mejores amigos, el pijama y las sudaderas.&nbsp; La <strong>comodidad<\/strong> en general nos conquist\u00f3 el coraz\u00f3n, y lo cierto es que no nos hemos olvidado de ella.<\/p>\n\n\n\n<p class=\"wp-block-paragraph\">Durante el <strong>confinamiento<\/strong>, las tiendas vieron una necesidad poco explotada, la ropa bonita y c\u00f3moda, conjuntos c\u00f3modos para estar por casa, pero con mejor aspecto que las sudaderas para el teletrabajo, para vernos m\u00e1s arreglados\u2026<\/p>\n\n\n\n<p class=\"wp-block-paragraph\">Despu\u00e9s de habernos acostumbrado a la <strong>comodidad<\/strong> volver a los tacones y a la ropa ajustada se ha hecho muy cuesta arriba; cierto es, que hace hasta ilusi\u00f3n arreglarse, pero por otro lado en el d\u00eda a d\u00eda nos hemos acostumbrado m\u00e1s a los zapatos planos, ropa m\u00e1s ancha y maquillaje minimalista.<\/p>\n\n\n\n<div style=\"height:50px\" aria-hidden=\"true\" class=\"wp-block-spacer\"><\/div>\n\n\n\n<div class=\"wp-block-image\"><figure class=\"aligncenter size-large is-resized\"><img loading=\"lazy\" decoding=\"async\" src=\"https:\/\/creativeaccelerator.es\/blog\/wp-content\/uploads\/2022\/04\/la-moda-pos-pandemia-nos-ha-cambiado-imagen-2-1024x768.jpg\" alt=\"\" class=\"wp-image-1085\" width=\"738\" height=\"553\" srcset=\"https:\/\/creativeaccelerator.es\/blog\/wp-content\/uploads\/2022\/04\/la-moda-pos-pandemia-nos-ha-cambiado-imagen-2-1024x768.jpg 1024w, https:\/\/creativeaccelerator.es\/blog\/wp-content\/uploads\/2022\/04\/la-moda-pos-pandemia-nos-ha-cambiado-imagen-2-300x225.jpg 300w, https:\/\/creativeaccelerator.es\/blog\/wp-content\/uploads\/2022\/04\/la-moda-pos-pandemia-nos-ha-cambiado-imagen-2-768x576.jpg 768w, https:\/\/creativeaccelerator.es\/blog\/wp-content\/uploads\/2022\/04\/la-moda-pos-pandemia-nos-ha-cambiado-imagen-2.jpg 1200w\" sizes=\"auto, (max-width: 738px) 100vw, 738px\" \/><\/figure><\/div>\n\n\n\n<div style=\"height:50px\" aria-hidden=\"true\" class=\"wp-block-spacer\"><\/div>\n\n\n\n<h3 class=\"wp-block-heading\"><strong>Sostenibilidad<\/strong><\/h3>\n\n\n\n<p class=\"wp-block-paragraph\"><\/p>\n\n\n\n<p class=\"wp-block-paragraph\">Siendo m\u00e1s conscientes durante el <strong>confinamiento<\/strong> de la cantidad de residuos que generamos, la <strong>sostenibilidad<\/strong> se instal\u00f3 como una semilla en nuestras cabezas, ya que se pudo apreciar c\u00f3mo cambiaron las cosas por la disminuci\u00f3n de la contaminaci\u00f3n: aire mucho m\u00e1s puro, se ve\u00edan peces en los canales de Venecia, etc\u2026<\/p>\n\n\n\n<p class=\"has-ast-global-color-4-background-color has-background wp-block-paragraph\">Recuerda que puedes leer m\u00e1s de la moda sostenible en nuestro art\u00edculo: <a href=\"https:\/\/creativeaccelerator.es\/blog\/el-auge-de-la-moda-sostenible\/\" target=\"_blank\" rel=\"noreferrer noopener\">\u00abEl Auge De La Moda Sostenible\u00bb<\/a><\/p>\n\n\n\n<p class=\"wp-block-paragraph\">Se prefiere<strong> calidad<\/strong> a cantidad, tanto por bajar el consumismo del fast fashion, ahora que somos mucho m\u00e1s conscientes de \u00e9l gracias a tener tiempo de reflexionarlo durante el <strong>confinamiento<\/strong>; como por la crisis econ\u00f3mica, la disminuci\u00f3n de los ingresos convierte\u00a0la relaci\u00f3n entre <strong>calidad<\/strong> y precio en el principal factor de compra\u00a0para seis de cada diez consumidores a nivel global (siete en el caso de Espa\u00f1a), seg\u00fan\u00a0<a href=\"https:\/\/assets.kpmg\/content\/dam\/kpmg\/es\/pdf\/2020\/07\/consumidores-nueva-realidad.pdf\" target=\"_blank\" rel=\"noreferrer noopener\">el informe \u2018Consumidores y nueva realidad\u2019<\/a>, elaborado por KPMG en base a una encuesta a m\u00e1s de 12.300 consumidores de doce pa\u00edses, incluyendo el nuestro.<\/p>\n\n\n\n<p class=\"wp-block-paragraph\"><\/p>\n\n\n\n<h3 class=\"wp-block-heading\"><strong>La transformaci\u00f3n del marketing.\u00a0<\/strong><\/h3>\n\n\n\n<p class=\"wp-block-paragraph\"><\/p>\n\n\n\n<p class=\"wp-block-paragraph\">Los departamentos de\u00a0marketing\u00a0tambi\u00e9n deber\u00e1n transformar sus estrategias para no centrarse tanto en el \u201cte voy a vender\u201d como en el \u201cte voy a escuchar y entender\u201d. Las personas reclamar\u00e1n menos presi\u00f3n y m\u00e1s atenci\u00f3n, seg\u00fan se\u00f1alaba en una entrevista reciente\u00a0<a href=\"https:\/\/youtu.be\/1uLv5EKp-I8\">Jaume Miquel<\/a>, presidente y consejero delegado del grupo\u00a0<a href=\"https:\/\/www.tendam.es\/en\/home\/\">Tendam<\/a>.<\/p>\n","protected":false},"excerpt":{"rendered":"<p>La moda es una v\u00eda de expresi\u00f3n de la sociedad, y tal y como la sociedad cambia, la moda no es una excepci\u00f3n, la pandemia y el confinamiento han provocado un cambio en el estilo de vida de la sociedad, vamos a sacar a la luz qu\u00e9 cambios se han visto reflejados en el mundo de la moda.<\/p>\n","protected":false},"author":1,"featured_media":1084,"comment_status":"open","ping_status":"open","sticky":false,"template":"","format":"standard","meta":{"site-sidebar-layout":"","site-content-layout":"","ast-main-header-display":"","ast-hfb-above-header-display":"","ast-hfb-below-header-display":"","ast-hfb-mobile-header-display":"","site-post-title":"","ast-breadcrumbs-content":"","ast-featured-img":"","footer-sml-layout":"","theme-transparent-header-meta":"","adv-header-id-meta":"","stick-header-meta":"","header-above-stick-meta":"","header-main-stick-meta":"","header-below-stick-meta":"","footnotes":""},"categories":[3],"tags":[],"class_list":["post-1080","post","type-post","status-publish","format-standard","has-post-thumbnail","hentry","category-moda"],"_links":{"self":[{"href":"https:\/\/creativeaccelerator.es\/blog\/wp-json\/wp\/v2\/posts\/1080","targetHints":{"allow":["GET"]}}],"collection":[{"href":"https:\/\/creativeaccelerator.es\/blog\/wp-json\/wp\/v2\/posts"}],"about":[{"href":"https:\/\/creativeaccelerator.es\/blog\/wp-json\/wp\/v2\/types\/post"}],"author":[{"embeddable":true,"href":"https:\/\/creativeaccelerator.es\/blog\/wp-json\/wp\/v2\/users\/1"}],"replies":[{"embeddable":true,"href":"https:\/\/creativeaccelerator.es\/blog\/wp-json\/wp\/v2\/comments?post=1080"}],"version-history":[{"count":5,"href":"https:\/\/creativeaccelerator.es\/blog\/wp-json\/wp\/v2\/posts\/1080\/revisions"}],"predecessor-version":[{"id":1088,"href":"https:\/\/creativeaccelerator.es\/blog\/wp-json\/wp\/v2\/posts\/1080\/revisions\/1088"}],"wp:featuredmedia":[{"embeddable":true,"href":"https:\/\/creativeaccelerator.es\/blog\/wp-json\/wp\/v2\/media\/1084"}],"wp:attachment":[{"href":"https:\/\/creativeaccelerator.es\/blog\/wp-json\/wp\/v2\/media?parent=1080"}],"wp:term":[{"taxonomy":"category","embeddable":true,"href":"https:\/\/creativeaccelerator.es\/blog\/wp-json\/wp\/v2\/categories?post=1080"},{"taxonomy":"post_tag","embeddable":true,"href":"https:\/\/creativeaccelerator.es\/blog\/wp-json\/wp\/v2\/tags?post=1080"}],"curies":[{"name":"wp","href":"https:\/\/api.w.org\/{rel}","templated":true}]}}