{"id":1061,"date":"2022-04-01T12:50:06","date_gmt":"2022-04-01T10:50:06","guid":{"rendered":"https:\/\/creativeaccelerator.es\/blog\/?p=1061"},"modified":"2022-04-01T15:59:17","modified_gmt":"2022-04-01T13:59:17","slug":"la-tecnologia-revoluciona-el-mundo-de-la-moda","status":"publish","type":"post","link":"https:\/\/creativeaccelerator.es\/blog\/la-tecnologia-revoluciona-el-mundo-de-la-moda\/","title":{"rendered":"La tecnolog\u00eda revoluciona el mundo de la moda"},"content":{"rendered":"\n<p class=\"wp-block-paragraph\"><\/p>\n\n\n\n<p class=\"wp-block-paragraph\">La <strong>tecnolog\u00eda<\/strong> y la <strong>moda<\/strong> forman parte de nuestro d\u00eda a d\u00eda, normalmente por separado\u2026pero la uni\u00f3n de estos dos factores ha creado la <strong>moda inteligente<\/strong>, la evoluci\u00f3n del <strong>mundo de la moda<\/strong> al alcance de todos.<\/p>\n\n\n\n<p class=\"wp-block-paragraph\">La <strong>moda inteligente<\/strong> engloba muchos avances tecnol\u00f3gicos dentro del <strong>sector textil<\/strong>, ya sea por crear telas que sean m\u00e1s <strong>sostenibles<\/strong> como es el caso de \u201c<strong>Pyratex<\/strong>\u201c , o creando prendas que ni se manchan ni se arrugan como ha hecho \u201c<strong>Sepiia<\/strong>\u201d, y hasta incorporando un sistema de calefacci\u00f3n en sus prendas como \u201c<strong>Beston<\/strong>\u201d.<\/p>\n\n\n\n<h2 class=\"wp-block-heading\">C\u00f3mo empez\u00f3 todo\u2026<\/h2>\n\n\n\n<p class=\"wp-block-paragraph\"><\/p>\n\n\n\n<p class=\"wp-block-paragraph\">El boom de la <strong>moda inteligente<\/strong> lo desencaden\u00f3 <a href=\"https:\/\/ecoalf.com\" target=\"_blank\" rel=\"noreferrer noopener\">\u201c<strong>Ecoalf<\/strong>\u201d <\/a>revolucionando el <strong>sector textil<\/strong> con unos materiales innovadores creados a partir de pl\u00e1sticos reciclados, como botellas o redes de pesca. <\/p>\n\n\n\n<p class=\"wp-block-paragraph\">La <strong>moda inteligente<\/strong> est\u00e1 a la orden del d\u00eda renovando el <strong>sector textil<\/strong> incorporando <strong>tecnolog\u00eda<\/strong> y preocup\u00e1ndose adem\u00e1s de la <strong>sostenibilidad<\/strong> del <strong>medio ambiente<\/strong> ya que \u00e9ste es un problema que preocupa cada vez m\u00e1s a la sociedad.<\/p>\n\n\n\n<div class=\"wp-block-image\"><figure class=\"aligncenter size-full\"><img loading=\"lazy\" decoding=\"async\" width=\"800\" height=\"488\" src=\"https:\/\/creativeaccelerator.es\/blog\/wp-content\/uploads\/2022\/04\/ecolaf-abrigos-termicos-moda-inteligente.jpg\" alt=\"La moda inteligente de ecoalf, Madrid, Espa\u00f1a. \" class=\"wp-image-1063\" srcset=\"https:\/\/creativeaccelerator.es\/blog\/wp-content\/uploads\/2022\/04\/ecolaf-abrigos-termicos-moda-inteligente.jpg 800w, https:\/\/creativeaccelerator.es\/blog\/wp-content\/uploads\/2022\/04\/ecolaf-abrigos-termicos-moda-inteligente-300x183.jpg 300w, https:\/\/creativeaccelerator.es\/blog\/wp-content\/uploads\/2022\/04\/ecolaf-abrigos-termicos-moda-inteligente-768x468.jpg 768w\" sizes=\"auto, (max-width: 800px) 100vw, 800px\" \/><\/figure><\/div>\n\n\n\n<h3 class=\"wp-block-heading\">La<strong> moda<\/strong> m\u00e1s <strong>sostenible<\/strong><\/h3>\n\n\n\n<p class=\"wp-block-paragraph\"><\/p>\n\n\n\n<p class=\"wp-block-paragraph\"><a href=\"https:\/\/www.pyratex.com\" target=\"_blank\" rel=\"noreferrer noopener\"><strong>Pyratex<\/strong> <\/a>ha dado una vuelta al <strong>sector textil<\/strong>, creando materiales a partir de recursos naturales,<strong> materiales<\/strong> <strong>reciclados<\/strong> o fibras biodegradables, para reemplazar los materiales sint\u00e9ticos, sus materiales son buenos para el planeta y buenos para nuestro cuerpo. Sus valores como empresa se enfocan en la <strong>sostenibilidad<\/strong> ambiental y la justicia <strong>social<\/strong>. <\/p>\n\n\n\n<h3 class=\"wp-block-heading\">La <strong>moda<\/strong> m\u00e1s \u00fatil y aprovechable<\/h3>\n\n\n\n<p class=\"wp-block-paragraph\"><\/p>\n\n\n\n<p class=\"wp-block-paragraph\"><strong><a href=\"https:\/\/sepiia.com\" target=\"_blank\" rel=\"noreferrer noopener\">Sepiia<\/a><\/strong> describe sus productos como <strong>moda inteligente<\/strong> dise\u00f1ada para la vida, adem\u00e1s tienen en cuanta el <strong>medio ambiente<\/strong> y las personas, sus productos se caracterizan por ser anti manchas, anti arrugas, sus prendas no necesitan tantos lavados como una misma prenda tradicional hecha con <strong>materiales<\/strong> tradicionales, neutraliza las bacterias causantes el olor corporal por lo que se puede usar esta prenda mucho m\u00e1s y lavar mucho menos, y los materiales que utilizan son <strong>reciclados y reciclables<\/strong>.<\/p>\n\n\n\n<h3 class=\"wp-block-heading\">La <strong>moda<\/strong> m\u00e1s futurista<\/h3>\n\n\n\n<p class=\"wp-block-paragraph\"><\/p>\n\n\n\n<p class=\"wp-block-paragraph\"><strong><a href=\"https:\/\/www.wearebeston.com\" target=\"_blank\" rel=\"noreferrer noopener\">Beston<\/a><\/strong> es una marca revolucionaria en el <strong>sector textil<\/strong> en cuanto a prendas de abrigo se refiere, la uni\u00f3n perfecta entre <strong>tecnolog\u00eda<\/strong> y <strong>moda<\/strong> termina creando abrigos con calefacci\u00f3n incorporada, adem\u00e1s su \u00faltimo lanzamiento ha sido la incorporaci\u00f3n de c\u00f3digos QR en sus prendas para que sus clientes tengan opci\u00f3n a poner sus datos, muy \u00fatil en caso de que se te pierda el producto. Tambi\u00e9n les preocupa la <strong>sostenibilidad<\/strong> por lo que utilizan materiales <strong>sostenibles<\/strong> parcialmente basados en plantas reduciendo as\u00ed su impacto en el <strong>medio ambiente<\/strong>; realizan adem\u00e1s labor <strong>social<\/strong> donando el 1% de todas sus ventas a proyectos solidarios con foco en la pobreza y la educaci\u00f3n infantil.<\/p>\n\n\n\n<p class=\"wp-block-paragraph\">Tanto<strong> Ecoalf<\/strong>, como <strong>Sepiia<\/strong> y <strong>Beston<\/strong> son marcas espa\u00f1olas, <strong>Pyratex<\/strong> no se queda atr\u00e1s ya que tambi\u00e9n produce en Espa\u00f1a.<\/p>\n","protected":false},"excerpt":{"rendered":"<p>La tecnolog\u00eda y la moda forman parte de nuestro d\u00eda a d\u00eda, normalmente por separado\u2026pero la uni\u00f3n de estos dos factores ha creado la moda inteligente&#8230;<\/p>\n","protected":false},"author":1,"featured_media":1064,"comment_status":"open","ping_status":"open","sticky":false,"template":"","format":"standard","meta":{"site-sidebar-layout":"","site-content-layout":"","ast-main-header-display":"","ast-hfb-above-header-display":"","ast-hfb-below-header-display":"","ast-hfb-mobile-header-display":"","site-post-title":"","ast-breadcrumbs-content":"","ast-featured-img":"","footer-sml-layout":"","theme-transparent-header-meta":"","adv-header-id-meta":"","stick-header-meta":"","header-above-stick-meta":"","header-main-stick-meta":"","header-below-stick-meta":"","footnotes":""},"categories":[3,1],"tags":[],"class_list":["post-1061","post","type-post","status-publish","format-standard","has-post-thumbnail","hentry","category-moda","category-uncategorized"],"_links":{"self":[{"href":"https:\/\/creativeaccelerator.es\/blog\/wp-json\/wp\/v2\/posts\/1061","targetHints":{"allow":["GET"]}}],"collection":[{"href":"https:\/\/creativeaccelerator.es\/blog\/wp-json\/wp\/v2\/posts"}],"about":[{"href":"https:\/\/creativeaccelerator.es\/blog\/wp-json\/wp\/v2\/types\/post"}],"author":[{"embeddable":true,"href":"https:\/\/creativeaccelerator.es\/blog\/wp-json\/wp\/v2\/users\/1"}],"replies":[{"embeddable":true,"href":"https:\/\/creativeaccelerator.es\/blog\/wp-json\/wp\/v2\/comments?post=1061"}],"version-history":[{"count":7,"href":"https:\/\/creativeaccelerator.es\/blog\/wp-json\/wp\/v2\/posts\/1061\/revisions"}],"predecessor-version":[{"id":1074,"href":"https:\/\/creativeaccelerator.es\/blog\/wp-json\/wp\/v2\/posts\/1061\/revisions\/1074"}],"wp:featuredmedia":[{"embeddable":true,"href":"https:\/\/creativeaccelerator.es\/blog\/wp-json\/wp\/v2\/media\/1064"}],"wp:attachment":[{"href":"https:\/\/creativeaccelerator.es\/blog\/wp-json\/wp\/v2\/media?parent=1061"}],"wp:term":[{"taxonomy":"category","embeddable":true,"href":"https:\/\/creativeaccelerator.es\/blog\/wp-json\/wp\/v2\/categories?post=1061"},{"taxonomy":"post_tag","embeddable":true,"href":"https:\/\/creativeaccelerator.es\/blog\/wp-json\/wp\/v2\/tags?post=1061"}],"curies":[{"name":"wp","href":"https:\/\/api.w.org\/{rel}","templated":true}]}}